{"id":704,"date":"2022-08-14T10:15:04","date_gmt":"2022-08-14T10:15:04","guid":{"rendered":"https:\/\/xn--faustkmpfer-kevelaer-gzb.de\/?p=704"},"modified":"2022-08-14T11:51:33","modified_gmt":"2022-08-14T11:51:33","slug":"sommerfest-2022-2","status":"publish","type":"post","link":"https:\/\/xn--faustkmpfer-kevelaer-gzb.de\/?p=704","title":{"rendered":"Sommerfest 2022"},"content":{"rendered":"<h1 style=\"text-align: center;\">Sommerfest 2022<\/h1>\n<p style=\"text-align: center;\">Hallo zusammen hier k\u00f6nnt Ihr ein paar Bilder vom Sommerfest 2022 sehen. Leider wirklich nur ein paar weil vom Fotografen die Speicherkarte leider defekt war.<\/p>\n<p style=\"text-align: center;\">Wir haben aber noch ein Video von einem Geburtstagsst\u00e4ndchen retten k\u00f6nnen, und noch ein paar Bilder.<\/p>\n<p style=\"text-align: center;\">&nbsp;<\/p>\n<p>Zusammengefunden&nbsp; f\u00fcr eine Fahrradtour zum Minigolfplatz in Twisteden, haben wir uns am Vereinslokal Endriss in Kevelaer. Von Dort aus ging es entspannt los. Am Minigolfplatz angekommen wurden die Gruppen f\u00fcr das Minigolf-Turnier ausgelost.<\/p>\n<p>Den Sieger werden wir noch bekannt geben.&nbsp;&nbsp;<\/p>\n<p>&nbsp;<\/p>\n<p>Hier noch 2 Bilder wo man das Geburtstagskind drauf sehen kann ganz rechts au\u00dfen.<\/p>\n<p style=\"text-align: center;\">&nbsp;<\/p>\n<p style=\"text-align: center;\"><img loading=\"lazy\" decoding=\"async\" class=\"wp-image-706 alignnone\" src=\"https:\/\/xn--faustkmpfer-kevelaer-gzb.de\/wp-content\/uploads\/2022\/08\/WhatsApp-Image-2022-07-18-at-19.31.30-223x300.jpeg\" alt=\"Geburtstagskind\" width=\"356\" height=\"479\">&nbsp; &nbsp; &nbsp; &nbsp; &nbsp; &nbsp; <img loading=\"lazy\" decoding=\"async\" class=\"alignnone wp-image-707\" src=\"https:\/\/xn--faustkmpfer-kevelaer-gzb.de\/wp-content\/uploads\/2022\/08\/WhatsApp-Image-2022-07-18-at-19.32.44-223x300.jpeg\" alt=\"\" width=\"357\" height=\"480\" srcset=\"https:\/\/xn--faustkmpfer-kevelaer-gzb.de\/wp-content\/uploads\/2022\/08\/WhatsApp-Image-2022-07-18-at-19.32.44-223x300.jpeg 223w, https:\/\/xn--faustkmpfer-kevelaer-gzb.de\/wp-content\/uploads\/2022\/08\/WhatsApp-Image-2022-07-18-at-19.32.44-760x1024.jpeg 760w, https:\/\/xn--faustkmpfer-kevelaer-gzb.de\/wp-content\/uploads\/2022\/08\/WhatsApp-Image-2022-07-18-at-19.32.44-768x1035.jpeg 768w, https:\/\/xn--faustkmpfer-kevelaer-gzb.de\/wp-content\/uploads\/2022\/08\/WhatsApp-Image-2022-07-18-at-19.32.44-1139x1536.jpeg 1139w, https:\/\/xn--faustkmpfer-kevelaer-gzb.de\/wp-content\/uploads\/2022\/08\/WhatsApp-Image-2022-07-18-at-19.32.44.jpeg 1186w\" sizes=\"auto, (max-width: 357px) 100vw, 357px\" \/><\/p>\n<p style=\"text-align: center;\">&nbsp;&nbsp;<\/p>\n","protected":false},"excerpt":{"rendered":"<p>Sommerfest 2022 Hallo zusammen hier k\u00f6nnt Ihr ein paar Bilder vom Sommerfest 2022 sehen. Leider wirklich nur ein paar weil vom Fotografen die Speicherkarte leider defekt war. Wir haben aber noch ein Video von einem Geburtstagsst\u00e4ndchen retten k\u00f6nnen, und noch ein paar Bilder. &nbsp; Zusammengefunden&nbsp; f\u00fcr eine Fahrradtour zum Minigolfplatz in Twisteden, haben wir uns [&hellip;]<\/p>\n","protected":false},"author":2,"featured_media":706,"comment_status":"open","ping_status":"open","sticky":false,"template":"","format":"aside","meta":{"ngg_post_thumbnail":0,"footnotes":""},"categories":[1],"tags":[],"class_list":{"0":"post-704","1":"post","2":"type-post","3":"status-publish","4":"format-aside","5":"has-post-thumbnail","7":"category-allgemein","8":"post_format-post-format-aside","9":"czr-hentry"},"_links":{"self":[{"href":"https:\/\/xn--faustkmpfer-kevelaer-gzb.de\/index.php?rest_route=\/wp\/v2\/posts\/704","targetHints":{"allow":["GET"]}}],"collection":[{"href":"https:\/\/xn--faustkmpfer-kevelaer-gzb.de\/index.php?rest_route=\/wp\/v2\/posts"}],"about":[{"href":"https:\/\/xn--faustkmpfer-kevelaer-gzb.de\/index.php?rest_route=\/wp\/v2\/types\/post"}],"author":[{"embeddable":true,"href":"https:\/\/xn--faustkmpfer-kevelaer-gzb.de\/index.php?rest_route=\/wp\/v2\/users\/2"}],"replies":[{"embeddable":true,"href":"https:\/\/xn--faustkmpfer-kevelaer-gzb.de\/index.php?rest_route=%2Fwp%2Fv2%2Fcomments&post=704"}],"version-history":[{"count":3,"href":"https:\/\/xn--faustkmpfer-kevelaer-gzb.de\/index.php?rest_route=\/wp\/v2\/posts\/704\/revisions"}],"predecessor-version":[{"id":709,"href":"https:\/\/xn--faustkmpfer-kevelaer-gzb.de\/index.php?rest_route=\/wp\/v2\/posts\/704\/revisions\/709"}],"wp:featuredmedia":[{"embeddable":true,"href":"https:\/\/xn--faustkmpfer-kevelaer-gzb.de\/index.php?rest_route=\/wp\/v2\/media\/706"}],"wp:attachment":[{"href":"https:\/\/xn--faustkmpfer-kevelaer-gzb.de\/index.php?rest_route=%2Fwp%2Fv2%2Fmedia&parent=704"}],"wp:term":[{"taxonomy":"category","embeddable":true,"href":"https:\/\/xn--faustkmpfer-kevelaer-gzb.de\/index.php?rest_route=%2Fwp%2Fv2%2Fcategories&post=704"},{"taxonomy":"post_tag","embeddable":true,"href":"https:\/\/xn--faustkmpfer-kevelaer-gzb.de\/index.php?rest_route=%2Fwp%2Fv2%2Ftags&post=704"}],"curies":[{"name":"wp","href":"https:\/\/api.w.org\/{rel}","templated":true}]}}